{"id":452,"date":"2024-11-14T16:41:26","date_gmt":"2024-11-14T16:41:26","guid":{"rendered":"https:\/\/ramiaplinka.lt\/index.php\/2024\/11\/14\/valdanciaja-dauguma-pasipiktine-kaunieciai-rinkosi-i-protesto-akcija-foto-kas-vyksta-kaune\/"},"modified":"2024-11-14T16:41:26","modified_gmt":"2024-11-14T16:41:26","slug":"valdanciaja-dauguma-pasipiktine-kaunieciai-rinkosi-i-protesto-akcija-foto-kas-vyksta-kaune","status":"publish","type":"post","link":"https:\/\/ramiaplinka.lt\/index.php\/2024\/11\/14\/valdanciaja-dauguma-pasipiktine-kaunieciai-rinkosi-i-protesto-akcija-foto-kas-vyksta-kaune\/","title":{"rendered":"Valdan\u010di\u0105ja dauguma pasipiktin\u0119 kaunie\u010diai rinkosi \u012f protesto akcij\u0105 (foto) \u2013 Kas vyksta Kaune"},"content":{"rendered":"<p> <br \/>\n<\/p>\n<div>\n<p><strong>Antisemitiniais parei\u0161kimais parlamentaro priesaik\u0105 sulau\u017eiusio Remigijaus \u017demaitai\u010dio partijai \u201eNemuno au\u0161ra\u201c prisijungus prie valdan\u010diosios koalicijos, ketvirtadien\u012f \u017emon\u0117s \u0117m\u0117 rinktis \u012f Student\u0173 skvere organizuojam\u0105 protest\u0105 \u201eDe\u0161imt tylos minu\u010di\u0173\u201c.<\/strong><\/p>\n<p><\/p>\n<p>Protesto akcijos ketvirtadien\u012f taip pat rengiamos ir Vilniuje, prie Seimo bei Taurag\u0117je.<\/p>\n<p>Kauno \u017eyd\u0173 bendruomen\u0117s pirmininkas Gercas \u017dakas susirinkusiems sak\u0117, jog protestas buvo organizuojamas ne vien d\u0117l antisemitizmo, ta\u010diau ir d\u0117lto, jog \u017emon\u0117s nori teisingos ir geros Lietuvos.<\/p>\n<p>\u012e premjerus si\u016blomas socialdemokratas Gintautas Paluckas \u017eurnalistams teig\u0117 nesuprantantis, kod\u0117l yra rengiamas protestas. Politikas ragino besipiktinan\u010dius gerbti demokrati\u0161kai per Seimo rinkimus i\u0161reik\u0161t\u0105 \u017emoni\u0173 vali\u0105. Visgi G. Paluckas u\u017esimin\u0117, kad grei\u010diausiai i\u0161eis Vilniuje pabendrauti su prie parlamento susirinkusiais protestuotojais.<\/p>\n<p>Su\u017einoj\u0119s apie organizuojam\u0105 protesto akcij\u0105, R. \u017demaitaitis anks\u010diau kviet\u0117 gyventojus atvykti prie T\u0117vyn\u0117s s\u0105jungos-Lietuvos krik\u0161\u010dioni\u0173 demokrat\u0173 partijos garb\u0117s pirmininko Vytauto Landsbergio nam\u0173 \u017dv\u0117ryne ir ten u\u017edegti \u017evakut\u0119, taip surengiant protesto akcij\u0105 prie\u0161 politiko veikas, es\u0105 nukreiptas prie\u0161 Lietuv\u0105. <\/p>\n<p>D\u0117l \u0161i\u0173 politiko parei\u0161kim\u0173 prad\u0117tas ikiteisminis tyrimas d\u0117l nesantaikos kurstymo, pats R. \u017demaitaitis v\u0117liau teig\u0117 neraginantis eiti protestuoti prie V. Landsbergio nam\u0173.<\/p>\n<p>Primename, kad, nepaisant u\u017esienio partneri\u0173 kritikos, valdan\u010di\u0105j\u0105 daugum\u0105 formuojanti Lietuvos socialdemokrat\u0173 partija pasira\u0161\u0117 koalicin\u0119 sutart\u012f su antisemitiniais parei\u0161kimais Seimo nario priesaik\u0105 sulau\u017eiusio R. \u017demaitai\u010dio vedama \u201eNemuno au\u0161ra\u201c ir Demokrat\u0173 s\u0105junga \u201eVardan Lietuvos\u201c.<\/p>\n<p>Tiesa, R. \u017demaitai\u010dio partijos dalyvavimas koalicijoje sulauk\u0117 tarptautin\u0117s kritikos i\u0161 Lenkijos, Vokietijos, JAV. Atsakydamas \u012f u\u017esienio atstov\u0173 neigiamus pasisakymus, R. \u017demaitaitis pirmadien\u012f vie\u0161ai kreip\u0117si \u012f NATO ir ES valstybi\u0173 atstovus Lietuvoje, tikindamas, kad jo pasisakymai, laikyti antisemiti\u0161kais, buvo blogai interpretuojami. Be to, jis prid\u016br\u0117, jog \u017eyd\u0173 bendruomen\u0117s u\u017e savo \u017eod\u017eius yra vie\u0161ai atsipra\u0161\u0119s.<\/p>\n<p>Pernai R. \u017demaitaitis paskelb\u0117 antisemitinius, tautin\u0119 nesantaik\u0105 kurstan\u010dius \u012fra\u0161us socialiniame tinkle \u201eFacebook\u201c bei visuomen\u0117s informavimo priemon\u0117se. Konstitucinis Teismas konstatavo, kad politikas \u0161iais savo pasisakymais sulau\u017e\u0117 Seimo nario priesaik\u0105, \u0161iurk\u0161\u010diai pa\u017eeid\u0117 Konstitucij\u0105.<\/p>\n<p>D\u0117l \u0161io antisemitizmo skandalo ilg\u0105 laik\u0105 buvo diskutuojama d\u0117l \u012f nauj\u0105j\u012f Seim\u0105 patekusios \u201eNemuno au\u0161ros\u201c galimyb\u0117s po rinkim\u0173 b\u016bti valdan\u010diojoje daugumoje.<\/p>\n<\/p><\/div>\n<p><br \/>\n<br \/><a href=\"https:\/\/kaunas.kasvyksta.lt\/2024\/11\/14\/politika\/valdanciaja-dauguma-pasipiktine-kaunieciai-rinkosi-i-protesto-akcija-foto\/\">Source link <\/a><\/p>\n","protected":false},"excerpt":{"rendered":"<p>Antisemitiniais parei\u0161kimais parlamentaro priesaik\u0105 sulau\u017eiusio Remigijaus \u017demaitai\u010dio partijai \u201eNemuno au\u0161ra\u201c prisijungus prie valdan\u010diosios koalicijos, ketvirtadien\u012f \u017emon\u0117s \u0117m\u0117 rinktis \u012f Student\u0173&hellip;<\/p>\n","protected":false},"author":1,"featured_media":453,"comment_status":"","ping_status":"","sticky":false,"template":"","format":"standard","meta":{"om_disable_all_campaigns":false,"_monsterinsights_skip_tracking":false,"_monsterinsights_sitenote_active":false,"_monsterinsights_sitenote_note":"","_monsterinsights_sitenote_category":0,"footnotes":""},"categories":[6],"tags":[603,598,604,466,411,600,599,602,601,597,467],"class_list":["post-452","post","type-post","status-publish","format-standard","has-post-thumbnail","hentry","category-miestu-naujienos","tag-akcija","tag-dauguma","tag-foto","tag-kas","tag-kaune","tag-kaunieciai","tag-pasipiktine","tag-protesto","tag-rinkosi","tag-valdanciaja","tag-vyksta"],"aioseo_notices":[],"blog_post_layout_featured_media_urls":{"thumbnail":["https:\/\/ramiaplinka.lt\/wp-content\/uploads\/2024\/11\/Valdanciaja-dauguma-pasipiktine-kaunieciai-rinkosi-i-protesto-akcija-foto-\u2013-150x150.jpg",150,150,true],"full":["https:\/\/ramiaplinka.lt\/wp-content\/uploads\/2024\/11\/Valdanciaja-dauguma-pasipiktine-kaunieciai-rinkosi-i-protesto-akcija-foto-\u2013.jpg",1024,683,false]},"categories_names":{"6":{"name":"Miest\u0173 naujienos","link":"https:\/\/ramiaplinka.lt\/index.php\/category\/miestu-naujienos\/"}},"tags_names":{"603":{"name":"akcij\u0105","link":"https:\/\/ramiaplinka.lt\/index.php\/tag\/akcija\/"},"598":{"name":"dauguma","link":"https:\/\/ramiaplinka.lt\/index.php\/tag\/dauguma\/"},"604":{"name":"foto","link":"https:\/\/ramiaplinka.lt\/index.php\/tag\/foto\/"},"466":{"name":"Kas","link":"https:\/\/ramiaplinka.lt\/index.php\/tag\/kas\/"},"411":{"name":"Kaune","link":"https:\/\/ramiaplinka.lt\/index.php\/tag\/kaune\/"},"600":{"name":"kaunie\u010diai","link":"https:\/\/ramiaplinka.lt\/index.php\/tag\/kaunieciai\/"},"599":{"name":"pasipiktin\u0119","link":"https:\/\/ramiaplinka.lt\/index.php\/tag\/pasipiktine\/"},"602":{"name":"protesto","link":"https:\/\/ramiaplinka.lt\/index.php\/tag\/protesto\/"},"601":{"name":"rinkosi","link":"https:\/\/ramiaplinka.lt\/index.php\/tag\/rinkosi\/"},"597":{"name":"Valdan\u010di\u0105ja","link":"https:\/\/ramiaplinka.lt\/index.php\/tag\/valdanciaja\/"},"467":{"name":"vyksta","link":"https:\/\/ramiaplinka.lt\/index.php\/tag\/vyksta\/"}},"comments_number":"0","wpmagazine_modules_lite_featured_media_urls":{"thumbnail":["https:\/\/ramiaplinka.lt\/wp-content\/uploads\/2024\/11\/Valdanciaja-dauguma-pasipiktine-kaunieciai-rinkosi-i-protesto-akcija-foto-\u2013-150x150.jpg",150,150,true],"cvmm-medium":["https:\/\/ramiaplinka.lt\/wp-content\/uploads\/2024\/11\/Valdanciaja-dauguma-pasipiktine-kaunieciai-rinkosi-i-protesto-akcija-foto-\u2013-300x300.jpg",300,300,true],"cvmm-medium-plus":["https:\/\/ramiaplinka.lt\/wp-content\/uploads\/2024\/11\/Valdanciaja-dauguma-pasipiktine-kaunieciai-rinkosi-i-protesto-akcija-foto-\u2013-305x207.jpg",305,207,true],"cvmm-portrait":["https:\/\/ramiaplinka.lt\/wp-content\/uploads\/2024\/11\/Valdanciaja-dauguma-pasipiktine-kaunieciai-rinkosi-i-protesto-akcija-foto-\u2013-400x600.jpg",400,600,true],"cvmm-medium-square":["https:\/\/ramiaplinka.lt\/wp-content\/uploads\/2024\/11\/Valdanciaja-dauguma-pasipiktine-kaunieciai-rinkosi-i-protesto-akcija-foto-\u2013-600x600.jpg",600,600,true],"cvmm-large":["https:\/\/ramiaplinka.lt\/wp-content\/uploads\/2024\/11\/Valdanciaja-dauguma-pasipiktine-kaunieciai-rinkosi-i-protesto-akcija-foto-\u2013.jpg",1024,683,false],"cvmm-small":["https:\/\/ramiaplinka.lt\/wp-content\/uploads\/2024\/11\/Valdanciaja-dauguma-pasipiktine-kaunieciai-rinkosi-i-protesto-akcija-foto-\u2013-130x95.jpg",130,95,true],"full":["https:\/\/ramiaplinka.lt\/wp-content\/uploads\/2024\/11\/Valdanciaja-dauguma-pasipiktine-kaunieciai-rinkosi-i-protesto-akcija-foto-\u2013.jpg",1024,683,false]},"_links":{"self":[{"href":"https:\/\/ramiaplinka.lt\/index.php\/wp-json\/wp\/v2\/posts\/452","targetHints":{"allow":["GET"]}}],"collection":[{"href":"https:\/\/ramiaplinka.lt\/index.php\/wp-json\/wp\/v2\/posts"}],"about":[{"href":"https:\/\/ramiaplinka.lt\/index.php\/wp-json\/wp\/v2\/types\/post"}],"author":[{"embeddable":true,"href":"https:\/\/ramiaplinka.lt\/index.php\/wp-json\/wp\/v2\/users\/1"}],"replies":[{"embeddable":true,"href":"https:\/\/ramiaplinka.lt\/index.php\/wp-json\/wp\/v2\/comments?post=452"}],"version-history":[{"count":0,"href":"https:\/\/ramiaplinka.lt\/index.php\/wp-json\/wp\/v2\/posts\/452\/revisions"}],"wp:featuredmedia":[{"embeddable":true,"href":"https:\/\/ramiaplinka.lt\/index.php\/wp-json\/wp\/v2\/media\/453"}],"wp:attachment":[{"href":"https:\/\/ramiaplinka.lt\/index.php\/wp-json\/wp\/v2\/media?parent=452"}],"wp:term":[{"taxonomy":"category","embeddable":true,"href":"https:\/\/ramiaplinka.lt\/index.php\/wp-json\/wp\/v2\/categories?post=452"},{"taxonomy":"post_tag","embeddable":true,"href":"https:\/\/ramiaplinka.lt\/index.php\/wp-json\/wp\/v2\/tags?post=452"}],"curies":[{"name":"wp","href":"https:\/\/api.w.org\/{rel}","templated":true}]}}