{"id":454,"date":"2024-11-15T16:58:29","date_gmt":"2024-11-15T16:58:29","guid":{"rendered":"https:\/\/ramiaplinka.lt\/index.php\/2024\/11\/15\/savivaldybe-nedaugzodziauja-kas-vyksta-kaune\/"},"modified":"2024-11-15T16:58:29","modified_gmt":"2024-11-15T16:58:29","slug":"savivaldybe-nedaugzodziauja-kas-vyksta-kaune","status":"publish","type":"post","link":"https:\/\/ramiaplinka.lt\/index.php\/2024\/11\/15\/savivaldybe-nedaugzodziauja-kas-vyksta-kaune\/","title":{"rendered":"savivaldyb\u0117 nedaug\u017eod\u017eiauja \u2013 Kas vyksta Kaune"},"content":{"rendered":"<p> <br \/>\n<\/p>\n<div>\n<p><strong>\u012epus\u0117jus rudens sezonui kauniet\u0119 papiktino prastas ap\u0161vietimas Kaune esan\u010diame Santakos parke. Moters teigimu, vaik\u0173 \u017eaidim\u0173 aik\u0161tel\u0117 n\u0117ra tinkamai ap\u0161viesta, tad nepritaikyta rudens sezonui, nors vaikai vis tiek renkasi \u012f j\u0105 \u017eaisti.<\/strong><\/p>\n<p>Su portalo \u201eKas vyksta Kaune\u201c redakcija susisiekusi moteris teiravosi, kod\u0117l prasid\u0117jus tamsiajam met\u0173 laikui Santakos parko vaik\u0173 \u017eaidim\u0173 aik\u0161tel\u0117je n\u0117ra \u012fjungtas ap\u0161vietimas.<\/p>\n<p>\u201eAp\u0161vietimas \u012fjungtas tik med\u017eiams, o at\u0117jus pa\u017eaisti po darbo dienos su vaikais \u012f jiems skirt\u0105 aik\u0161tel\u0119 \u2013 tamsu nors \u012f ak\u012f durk\u201c, \u2013 tokio kauniet\u0117s lai\u0161ko portalas \u201eKas vyksta Kaune\u201c sulauk\u0117 prie\u0161 m\u0117nes\u012f, tiksliau \u2013 spalio 10 dien\u0105.<\/p>\n<figure id=\"attachment_804581\" aria-describedby=\"caption-attachment-804581\" style=\"width: 800px\" class=\"wp-caption aligncenter\"><figcaption id=\"caption-attachment-804581\" class=\"wp-caption-text\">Santakos parkas, spalio 10 d. 19.15 val. \/ Skaitytojos nuotr.<\/figcaption><\/figure>\n<p>Pasak moters, tai ne tik \u0161i\u0173 met\u0173 problema \u2013 ji kartojasi net kelet\u0105 met\u0173 i\u0161 eil\u0117s.<\/p>\n<p>U\u017e Santakos parko ap\u0161vietim\u0105 atsakinga Kauno savivaldyb\u0117 neatsak\u0117 daugiau, nei m\u0117nes\u012f. Ma\u017ea to, komentare nedaug\u017eod\u017eiavo.<\/p>\n<p>\u201eArtimiausiu laiku prad\u0117sime naujos aik\u0161tel\u0117s \u012frengim\u0105, taigi kartu bus per\u017ei\u016br\u0117ti ir ap\u0161vietimo klausimai\u201c, \u2013 situacij\u0105 komentavo Sporto skyriaus ved\u0117jas Tadas Vasiliauskas.<\/p>\n<p>\u012edomu tai, jog ne itin i\u0161samus vieno sakinio atsakymas \u012f du i\u0161 trij\u0173 pateikt\u0173 klausim\u0173 buvo derinamas net su keliais savivaldyb\u0117s skyriais.<\/p>\n<p>Klausimas, ar ir kitos miesto parkuose esan\u010dios vaik\u0173 \u017eaidim\u0173 aik\u0161tel\u0117s n\u0117ra tinkamai ap\u0161viestos rudens-\u017eiemos sezono metu, deja, atsakytas nebuvo.<\/p>\n<\/p><\/div>\n<p><br \/>\n<br \/><a href=\"https:\/\/kaunas.kasvyksta.lt\/2024\/11\/15\/miestas\/vaikai-santakos-parke-priversti-zaisti-tamsoje-savivaldybe-nedaugzodziauja\/\">Source link <\/a><\/p>\n","protected":false},"excerpt":{"rendered":"<p>\u012epus\u0117jus rudens sezonui kauniet\u0119 papiktino prastas ap\u0161vietimas Kaune esan\u010diame Santakos parke. Moters teigimu, vaik\u0173 \u017eaidim\u0173 aik\u0161tel\u0117 n\u0117ra tinkamai ap\u0161viesta, tad&hellip;<\/p>\n","protected":false},"author":1,"featured_media":455,"comment_status":"","ping_status":"","sticky":false,"template":"","format":"standard","meta":{"om_disable_all_campaigns":false,"_monsterinsights_skip_tracking":false,"_monsterinsights_sitenote_active":false,"_monsterinsights_sitenote_note":"","_monsterinsights_sitenote_category":0,"footnotes":""},"categories":[6],"tags":[466,411,605,568,467],"class_list":["post-454","post","type-post","status-publish","format-standard","has-post-thumbnail","hentry","category-miestu-naujienos","tag-kas","tag-kaune","tag-nedaugzodziauja","tag-savivaldybe","tag-vyksta"],"aioseo_notices":[],"blog_post_layout_featured_media_urls":{"thumbnail":["https:\/\/ramiaplinka.lt\/wp-content\/uploads\/2024\/11\/savivaldybe-nedaugzodziauja-\u2013-Kas-vyksta-Kaune-150x150.png",150,150,true],"full":["https:\/\/ramiaplinka.lt\/wp-content\/uploads\/2024\/11\/savivaldybe-nedaugzodziauja-\u2013-Kas-vyksta-Kaune.png",1024,683,false]},"categories_names":{"6":{"name":"Miest\u0173 naujienos","link":"https:\/\/ramiaplinka.lt\/index.php\/category\/miestu-naujienos\/"}},"tags_names":{"466":{"name":"Kas","link":"https:\/\/ramiaplinka.lt\/index.php\/tag\/kas\/"},"411":{"name":"Kaune","link":"https:\/\/ramiaplinka.lt\/index.php\/tag\/kaune\/"},"605":{"name":"nedaug\u017eod\u017eiauja","link":"https:\/\/ramiaplinka.lt\/index.php\/tag\/nedaugzodziauja\/"},"568":{"name":"savivaldyb\u0117","link":"https:\/\/ramiaplinka.lt\/index.php\/tag\/savivaldybe\/"},"467":{"name":"vyksta","link":"https:\/\/ramiaplinka.lt\/index.php\/tag\/vyksta\/"}},"comments_number":"0","wpmagazine_modules_lite_featured_media_urls":{"thumbnail":["https:\/\/ramiaplinka.lt\/wp-content\/uploads\/2024\/11\/savivaldybe-nedaugzodziauja-\u2013-Kas-vyksta-Kaune-150x150.png",150,150,true],"cvmm-medium":["https:\/\/ramiaplinka.lt\/wp-content\/uploads\/2024\/11\/savivaldybe-nedaugzodziauja-\u2013-Kas-vyksta-Kaune-300x300.png",300,300,true],"cvmm-medium-plus":["https:\/\/ramiaplinka.lt\/wp-content\/uploads\/2024\/11\/savivaldybe-nedaugzodziauja-\u2013-Kas-vyksta-Kaune-305x207.png",305,207,true],"cvmm-portrait":["https:\/\/ramiaplinka.lt\/wp-content\/uploads\/2024\/11\/savivaldybe-nedaugzodziauja-\u2013-Kas-vyksta-Kaune-400x600.png",400,600,true],"cvmm-medium-square":["https:\/\/ramiaplinka.lt\/wp-content\/uploads\/2024\/11\/savivaldybe-nedaugzodziauja-\u2013-Kas-vyksta-Kaune-600x600.png",600,600,true],"cvmm-large":["https:\/\/ramiaplinka.lt\/wp-content\/uploads\/2024\/11\/savivaldybe-nedaugzodziauja-\u2013-Kas-vyksta-Kaune.png",1024,683,false],"cvmm-small":["https:\/\/ramiaplinka.lt\/wp-content\/uploads\/2024\/11\/savivaldybe-nedaugzodziauja-\u2013-Kas-vyksta-Kaune-130x95.png",130,95,true],"full":["https:\/\/ramiaplinka.lt\/wp-content\/uploads\/2024\/11\/savivaldybe-nedaugzodziauja-\u2013-Kas-vyksta-Kaune.png",1024,683,false]},"_links":{"self":[{"href":"https:\/\/ramiaplinka.lt\/index.php\/wp-json\/wp\/v2\/posts\/454","targetHints":{"allow":["GET"]}}],"collection":[{"href":"https:\/\/ramiaplinka.lt\/index.php\/wp-json\/wp\/v2\/posts"}],"about":[{"href":"https:\/\/ramiaplinka.lt\/index.php\/wp-json\/wp\/v2\/types\/post"}],"author":[{"embeddable":true,"href":"https:\/\/ramiaplinka.lt\/index.php\/wp-json\/wp\/v2\/users\/1"}],"replies":[{"embeddable":true,"href":"https:\/\/ramiaplinka.lt\/index.php\/wp-json\/wp\/v2\/comments?post=454"}],"version-history":[{"count":0,"href":"https:\/\/ramiaplinka.lt\/index.php\/wp-json\/wp\/v2\/posts\/454\/revisions"}],"wp:featuredmedia":[{"embeddable":true,"href":"https:\/\/ramiaplinka.lt\/index.php\/wp-json\/wp\/v2\/media\/455"}],"wp:attachment":[{"href":"https:\/\/ramiaplinka.lt\/index.php\/wp-json\/wp\/v2\/media?parent=454"}],"wp:term":[{"taxonomy":"category","embeddable":true,"href":"https:\/\/ramiaplinka.lt\/index.php\/wp-json\/wp\/v2\/categories?post=454"},{"taxonomy":"post_tag","embeddable":true,"href":"https:\/\/ramiaplinka.lt\/index.php\/wp-json\/wp\/v2\/tags?post=454"}],"curies":[{"name":"wp","href":"https:\/\/api.w.org\/{rel}","templated":true}]}}