{"id":466,"date":"2024-11-20T17:39:18","date_gmt":"2024-11-20T17:39:18","guid":{"rendered":"https:\/\/ramiaplinka.lt\/index.php\/2024\/11\/20\/dauguma-seimo-komitetu-issirinko-pirmininkus-kas-vyksta-kaune\/"},"modified":"2024-11-20T17:39:18","modified_gmt":"2024-11-20T17:39:18","slug":"dauguma-seimo-komitetu-issirinko-pirmininkus-kas-vyksta-kaune","status":"publish","type":"post","link":"https:\/\/ramiaplinka.lt\/index.php\/2024\/11\/20\/dauguma-seimo-komitetu-issirinko-pirmininkus-kas-vyksta-kaune\/","title":{"rendered":"Dauguma Seimo komitet\u0173 i\u0161sirinko pirmininkus \u2013 Kas vyksta Kaune"},"content":{"rendered":"<p> <br \/>\n<\/p>\n<div>\n<p><strong>Dauguma Seimo komitet\u0173 jau i\u0161sirinko savo pirmininkus, kuri\u0173 kandidat\u016broms ketvirtadien\u012f dar tur\u0117s pritarti ir Seimas. Biud\u017eeto ir finans\u0173 komiteto (BFK) pirmininku tre\u010diadien\u012f i\u0161rinktas socialdemokratas Algirdas Sysas, Nacionalinio saugumo ir gynybos komitetui (NSGK) vadovaus demokratas Giedrimas Jeglinskas.<\/strong><\/p>\n<p><strong>BFK pirmininkas \u2013 A. Sysas<\/strong><\/p>\n<p>Biud\u017eeto ir finans\u0173 komiteto (BFK) pirmininku bendru sutarimu buvo i\u0161rinktas socialdemokratas Algirdas Sysas. Jo pavaduotoju paskirtas Demokrat\u0173 s\u0105jungos \u201eVardan Lietuvos\u201c atstovas Algirdas Butkevi\u010dius ir konservator\u0117, kadencij\u0105 baigianti finans\u0173 ministr\u0117 Gintar\u0117 Skaist\u0117. Vis tik G. Skaist\u0117 pavaduotoja taps pasibaigus jos \u012fgaliojimams Vyriausyb\u0117je.<\/p>\n<p>\u201eDirbsime reguliariai, gerai, gyvai \u2013 a\u0161 \u0161alininkas gyvo darbo, o ne nuotolinio\u201c, \u2013 teig\u0117 A. Sysas.<\/p>\n<p>Praeitoje kadencijoje BFK vadovavo konservatorius Mindaugas\u00a0Ling\u0117.<\/p>\n<p><strong>NSGK pirmininkaus G. Jeglinskas<\/strong><\/p>\n<p>Tre\u010diadien\u012f Nacionalinis saugumo ir gynybos komitetas (NSGK) taip pat sutar\u0117 d\u0117l savo naujojo vadovo, kuriuo taps Demokrat\u0173 frakcijos \u201eVardan Lietuvos\u201c atstovas G. Jeglinskas.<\/p>\n<p>\u201eA\u0161 prad\u0117jau vis\u0105 keli\u0105 prie\u0161 25 metus, nuo Karo akademijos studij\u0173, po to tarnavau kariuomen\u0117je, karin\u0117je \u017evalgyboje, priva\u010diame sektoriuje, NATO, politiniame lygmenyje viceministru. Tai tikiuosi atne\u0161iu tok\u012f holistin\u012f matym\u0105 apie saugum\u0105\u201c, \u2013 pos\u0117d\u017eio metu teig\u0117 G. Jeglinskas.<\/p>\n<p>Parlamentaro kandidat\u016brai \u012f komiteto pirmininkus buvo pritarta bendru sutarimu.<\/p>\n<p>Savo ruo\u017etu komiteto pirmininko pavaduotoju si\u016bloma skirti laikinai kra\u0161to apsaugos ministro pareigas \u0161iuo metu einant\u012f konservatori\u0173 Lauryn\u0105 Kas\u010di\u016bn\u0105. Visgi, d\u0117l \u0161io politiko kandidat\u016bros komitetas apsispr\u0119s pasibaigus jo \u012fgaliojimams Vyriausyb\u0117je.<\/p>\n<p><strong>\u017dmogaus teisi\u0173 komitetui vadovaus L. \u0160edvydis<\/strong><\/p>\n<p>\u017dmogaus teisi\u0173 komitetas taip pat tre\u010diadien\u012f i\u0161sirinko savo pirminink\u0105 \u2013 juo tapo Lietuvos socialdemokrat\u0173 partijos (LSDP) frakcijos atstovas Laurynas \u0160edvydis.<\/p>\n<p>\u201eMano pasi\u016blymas sutarti, kad mes veiksime tam tikru konsensusu. A\u0161 nemanau, kad mes tur\u0117sime, bent jau dabartine sud\u0117timi, ka\u017ekoki\u0173 labai radikali\u0173 i\u0161siskyrim\u0173\u201c, \u2013 pos\u0117d\u017eio metu teig\u0117 L. \u0160edvydis.<\/p>\n<p><strong>Komiteto pirmininko pavaduotoju tapo Liberal\u0173 s\u0105j\u016bd\u017eio atstovas Eugenijus Gentvilas<\/strong><\/p>\n<p>Anks\u010diau \u017dmogaus teisi\u0173 komitetui pirmininkavo Laisv\u0117s partijos narys Tomas Vytautas Raskevi\u010dius.<\/p>\n<p><strong>Sveikatos reikal\u0173 komitetas pirmininke i\u0161sirinko L. \u0160ukyt\u0119-Korsak\u0119<\/strong><\/p>\n<p>Savo ruo\u017etu Sveikatos reikal\u0173 komitetas tre\u010diadien\u012f pritar\u0117, kad pirmininke tapt\u0173 \u201eNemuno au\u0161ros\u201c atstov\u0117 Lina \u0160ukyt\u0117-Korsak\u0117. U\u017e politik\u0117s kandidat\u016br\u0105 balsavo 7 komiteto nariai, prie\u0161 balsavusi\u0173 nebuvo, susilaik\u0117 vienas parlamentaras \u2013 konservatorius Liudas Ma\u017eylis.<\/p>\n<p>Tuo metu komiteto pirminink\u0117s pavaduotoju i\u0161rinktas socialdemokratas Andrius Busila. Jo kandidat\u016brai pritarta bendru sutarimu.<\/p>\n<p>Pra\u0117jusi\u0105 kadencij\u0105 Sveikatos reikal\u0173 komitetui pirmininkavo konservatorius Antanas Matulas.<\/p>\n<p><strong>Ekonomikos komiteto vadovu i\u0161rinktas S. Bucevi\u010dius<\/strong><\/p>\n<p>Seimo Ekonomikos komiteto pirmininku i\u0161rinktas \u201eNemuno au\u0161ros\u201d atstovas Saulius Bucevi\u010dius, o jo pavaduota tapo socialdemokrat\u0117 Birut\u0117 V\u0117sait\u0117. Tai Eltai patvirtino komiteto narys, liberalas Andrius Bagdonas.<\/p>\n<p>Praeitoje kadencijoje komitetui vadovavo konservatorius Mindaugas\u00a0Skritulskas.<\/p>\n<p><strong>Ateities komitetui pirmininkaus Vytautas Grubliauskas<\/strong><\/p>\n<p>S\ufeffeimo Ateities komiteto vadovu tre\u010diadien\u012f buvo i\u0161rinktas LSDP frakcijos narys Vytautas Grubliauskas, o jo pavaduotojais tapo LV\u017dS atstovas Eimantas Kirkutis bei \u201eNemuno au\u0161ros\u201c frakcijos narys Tadas Sadauskis.<\/p>\n<p>A\ufeffnkstesn\u0117je kadencijoje \u0161io komiteto vadovo pareigas \u0117jo liberalas Raimundas Lopata.<\/p>\n<p><strong>Dalis komitet\u0173 pirmininkus i\u0161sirinko antradien\u012f<\/strong><\/p>\n<p>Kaip ELTA jau skelb\u0117, dalis komitet\u0173 savo pirmininkus i\u0161sirinko jau antradien\u012f. Aplinkos apsaugos komiteto pirmininku tapo Linas Jonauskas, Kult\u016bros komiteto \u2013 K\u0119stutis Vilkauskas, \u0160vietimo ir mokslo komiteto Vaida Aleknavi\u010dien\u0117, U\u017esienio reikal\u0173 komiteto \u2013 Remigijus Motuzas.<\/p>\n<p>Tuo metu Teis\u0117s ir teis\u0117tvarkos komitetui (TTK) vadovaus Julius Sabatauskas, Socialini\u0173 reikal\u0173 ir darbo komitetui \u2013 Linas Kukuraitis, Audito komitetui \u2013 Art\u016bras Skard\u017eius, Kaimo reikal\u0173 komitetui \u2013 K\u0119stutis Ma\u017eeika, Valstyb\u0117s valdymo ir savivaldybi\u0173 komitetui \u2013 Daiva \u017debelien\u0117, Europos reikal\u0173 komitetui (ERK) \u2013 Rasa Budbergyt\u0117.<\/p>\n<p>Ketvirtadien\u012f Seimas ketina priimti galutin\u012f sprendim\u0105 d\u0117l komitet\u0173\u00a0vadovyb\u0117s.<\/p>\n<p>Lietuvos socialdemokrat\u0173 partijos (LSDP) frakcijai numatytos 9 komitet\u0173 pirminink\u0173 pozicijos, \u201eNemuno au\u0161ros\u201c frakcijai \u2013 4, o Demokrat\u0173 s\u0105jungai \u201eVardan\u00a0Lietuvos\u201c\u00a0\u2013\u00a03.<\/p>\n<\/p><\/div>\n<p><br \/>\n<br \/><a href=\"https:\/\/kaunas.kasvyksta.lt\/2024\/11\/20\/politika\/dauguma-seimo-komitetu-issirinko-pirmininkus\/\">Source link <\/a><\/p>\n","protected":false},"excerpt":{"rendered":"<p>Dauguma Seimo komitet\u0173 jau i\u0161sirinko savo pirmininkus, kuri\u0173 kandidat\u016broms ketvirtadien\u012f dar tur\u0117s pritarti ir Seimas. Biud\u017eeto ir finans\u0173 komiteto (BFK)&hellip;<\/p>\n","protected":false},"author":1,"featured_media":467,"comment_status":"","ping_status":"","sticky":false,"template":"","format":"standard","meta":{"om_disable_all_campaigns":false,"_monsterinsights_skip_tracking":false,"_monsterinsights_sitenote_active":false,"_monsterinsights_sitenote_note":"","_monsterinsights_sitenote_category":0,"footnotes":""},"categories":[6],"tags":[598,634,466,411,633,635,537,467],"class_list":["post-466","post","type-post","status-publish","format-standard","has-post-thumbnail","hentry","category-miestu-naujienos","tag-dauguma","tag-issirinko","tag-kas","tag-kaune","tag-komitetu","tag-pirmininkus","tag-seimo","tag-vyksta"],"aioseo_notices":[],"blog_post_layout_featured_media_urls":{"thumbnail":["https:\/\/ramiaplinka.lt\/wp-content\/uploads\/2024\/11\/Dauguma-Seimo-komitetu-issirinko-pirmininkus-\u2013-Kas-vyksta-Kaune-150x150.jpg",150,150,true],"full":["https:\/\/ramiaplinka.lt\/wp-content\/uploads\/2024\/11\/Dauguma-Seimo-komitetu-issirinko-pirmininkus-\u2013-Kas-vyksta-Kaune.jpg",1024,683,false]},"categories_names":{"6":{"name":"Miest\u0173 naujienos","link":"https:\/\/ramiaplinka.lt\/index.php\/category\/miestu-naujienos\/"}},"tags_names":{"598":{"name":"dauguma","link":"https:\/\/ramiaplinka.lt\/index.php\/tag\/dauguma\/"},"634":{"name":"i\u0161sirinko","link":"https:\/\/ramiaplinka.lt\/index.php\/tag\/issirinko\/"},"466":{"name":"Kas","link":"https:\/\/ramiaplinka.lt\/index.php\/tag\/kas\/"},"411":{"name":"Kaune","link":"https:\/\/ramiaplinka.lt\/index.php\/tag\/kaune\/"},"633":{"name":"komitet\u0173","link":"https:\/\/ramiaplinka.lt\/index.php\/tag\/komitetu\/"},"635":{"name":"pirmininkus","link":"https:\/\/ramiaplinka.lt\/index.php\/tag\/pirmininkus\/"},"537":{"name":"Seimo","link":"https:\/\/ramiaplinka.lt\/index.php\/tag\/seimo\/"},"467":{"name":"vyksta","link":"https:\/\/ramiaplinka.lt\/index.php\/tag\/vyksta\/"}},"comments_number":"0","wpmagazine_modules_lite_featured_media_urls":{"thumbnail":["https:\/\/ramiaplinka.lt\/wp-content\/uploads\/2024\/11\/Dauguma-Seimo-komitetu-issirinko-pirmininkus-\u2013-Kas-vyksta-Kaune-150x150.jpg",150,150,true],"cvmm-medium":["https:\/\/ramiaplinka.lt\/wp-content\/uploads\/2024\/11\/Dauguma-Seimo-komitetu-issirinko-pirmininkus-\u2013-Kas-vyksta-Kaune-300x300.jpg",300,300,true],"cvmm-medium-plus":["https:\/\/ramiaplinka.lt\/wp-content\/uploads\/2024\/11\/Dauguma-Seimo-komitetu-issirinko-pirmininkus-\u2013-Kas-vyksta-Kaune-305x207.jpg",305,207,true],"cvmm-portrait":["https:\/\/ramiaplinka.lt\/wp-content\/uploads\/2024\/11\/Dauguma-Seimo-komitetu-issirinko-pirmininkus-\u2013-Kas-vyksta-Kaune-400x600.jpg",400,600,true],"cvmm-medium-square":["https:\/\/ramiaplinka.lt\/wp-content\/uploads\/2024\/11\/Dauguma-Seimo-komitetu-issirinko-pirmininkus-\u2013-Kas-vyksta-Kaune-600x600.jpg",600,600,true],"cvmm-large":["https:\/\/ramiaplinka.lt\/wp-content\/uploads\/2024\/11\/Dauguma-Seimo-komitetu-issirinko-pirmininkus-\u2013-Kas-vyksta-Kaune.jpg",1024,683,false],"cvmm-small":["https:\/\/ramiaplinka.lt\/wp-content\/uploads\/2024\/11\/Dauguma-Seimo-komitetu-issirinko-pirmininkus-\u2013-Kas-vyksta-Kaune-130x95.jpg",130,95,true],"full":["https:\/\/ramiaplinka.lt\/wp-content\/uploads\/2024\/11\/Dauguma-Seimo-komitetu-issirinko-pirmininkus-\u2013-Kas-vyksta-Kaune.jpg",1024,683,false]},"_links":{"self":[{"href":"https:\/\/ramiaplinka.lt\/index.php\/wp-json\/wp\/v2\/posts\/466","targetHints":{"allow":["GET"]}}],"collection":[{"href":"https:\/\/ramiaplinka.lt\/index.php\/wp-json\/wp\/v2\/posts"}],"about":[{"href":"https:\/\/ramiaplinka.lt\/index.php\/wp-json\/wp\/v2\/types\/post"}],"author":[{"embeddable":true,"href":"https:\/\/ramiaplinka.lt\/index.php\/wp-json\/wp\/v2\/users\/1"}],"replies":[{"embeddable":true,"href":"https:\/\/ramiaplinka.lt\/index.php\/wp-json\/wp\/v2\/comments?post=466"}],"version-history":[{"count":0,"href":"https:\/\/ramiaplinka.lt\/index.php\/wp-json\/wp\/v2\/posts\/466\/revisions"}],"wp:featuredmedia":[{"embeddable":true,"href":"https:\/\/ramiaplinka.lt\/index.php\/wp-json\/wp\/v2\/media\/467"}],"wp:attachment":[{"href":"https:\/\/ramiaplinka.lt\/index.php\/wp-json\/wp\/v2\/media?parent=466"}],"wp:term":[{"taxonomy":"category","embeddable":true,"href":"https:\/\/ramiaplinka.lt\/index.php\/wp-json\/wp\/v2\/categories?post=466"},{"taxonomy":"post_tag","embeddable":true,"href":"https:\/\/ramiaplinka.lt\/index.php\/wp-json\/wp\/v2\/tags?post=466"}],"curies":[{"name":"wp","href":"https:\/\/api.w.org\/{rel}","templated":true}]}}