{"id":506,"date":"2024-12-07T20:20:44","date_gmt":"2024-12-07T20:20:44","guid":{"rendered":"https:\/\/ramiaplinka.lt\/index.php\/2024\/12\/07\/kadencija-baigusi-prezidente-d-grybauskaite-apdovanota-uz-labdaringa-veikla-kas-vyksta-kaune\/"},"modified":"2024-12-07T20:20:44","modified_gmt":"2024-12-07T20:20:44","slug":"kadencija-baigusi-prezidente-d-grybauskaite-apdovanota-uz-labdaringa-veikla-kas-vyksta-kaune","status":"publish","type":"post","link":"https:\/\/ramiaplinka.lt\/index.php\/2024\/12\/07\/kadencija-baigusi-prezidente-d-grybauskaite-apdovanota-uz-labdaringa-veikla-kas-vyksta-kaune\/","title":{"rendered":"Kadencij\u0105 baigusi prezident\u0117 D. Grybauskait\u0117 apdovanota u\u017e labdaring\u0105 veikl\u0105 \u2013 Kas vyksta Kaune"},"content":{"rendered":"<p> <br \/>\n<\/p>\n<div>\n<p><strong>Kadencij\u0105 baigusiai prezidentei Daliai Grybauskaitei asociacija Amerikos verslo r\u016bmai \u0161e\u0161tadien\u012f skyr\u0117 apdovanojim\u0105 u\u017e labdaring\u0105 veikl\u0105. <\/strong><\/p>\n<p>Kaip prane\u0161\u0117 buvusios \u0161alies vadov\u0117s biuras, prie\u0161kal\u0117diniame Gala renginyje prezident\u0117 apdovanota u\u017e svarb\u0173 ind\u0117l\u012f kuriant saugi\u0105 Lietuv\u0105 bei aktyvi\u0105 param\u0105 kovojan\u010diai Ukrainai.<\/p>\n<p>Amerikos verslo r\u016bmai tre\u010dius metus apdovanoja daugiausia prie labdaringos veiklos prisid\u0117jusius asmenis, organizacijas, iniciatyvas.   <\/p>\n<p>Prie\u0161 dvejus metus tarp pirm\u0173j\u0173 laureat\u0173 buvo kadencij\u0105 baig\u0119s prezidentas Valdas Adamkus ir buvusi pirmoji ponia Alma Adamkien\u0117, taip pat organizacija \u201eBlue\/Yellow\u201c.<\/p>\n<\/p><\/div>\n<p><br \/>\n<br \/><a href=\"https:\/\/kaunas.kasvyksta.lt\/2024\/12\/07\/zmones\/kadencija-baigusi-prezidente-d-grybauskaite-apdovanota-uz-labdaringa-veikla\/\">Source link <\/a><\/p>\n","protected":false},"excerpt":{"rendered":"<p>Kadencij\u0105 baigusiai prezidentei Daliai Grybauskaitei asociacija Amerikos verslo r\u016bmai \u0161e\u0161tadien\u012f skyr\u0117 apdovanojim\u0105 u\u017e labdaring\u0105 veikl\u0105. Kaip prane\u0161\u0117 buvusios \u0161alies vadov\u0117s&hellip;<\/p>\n","protected":false},"author":1,"featured_media":507,"comment_status":"","ping_status":"","sticky":false,"template":"","format":"standard","meta":{"om_disable_all_campaigns":false,"_monsterinsights_skip_tracking":false,"_monsterinsights_sitenote_active":false,"_monsterinsights_sitenote_note":"","_monsterinsights_sitenote_category":0,"footnotes":""},"categories":[6],"tags":[733,730,732,729,466,411,734,731,80,592,467],"class_list":["post-506","post","type-post","status-publish","format-standard","has-post-thumbnail","hentry","category-miestu-naujienos","tag-apdovanota","tag-baigusi","tag-grybauskaite","tag-kadencija","tag-kas","tag-kaune","tag-labdaringa","tag-prezidente","tag-uz","tag-veikla","tag-vyksta"],"aioseo_notices":[],"blog_post_layout_featured_media_urls":{"thumbnail":["https:\/\/ramiaplinka.lt\/wp-content\/uploads\/2024\/12\/Kadencija-baigusi-prezidente-D-Grybauskaite-apdovanota-uz-labdaringa-veikla-\u2013-150x150.jpg",150,150,true],"full":["https:\/\/ramiaplinka.lt\/wp-content\/uploads\/2024\/12\/Kadencija-baigusi-prezidente-D-Grybauskaite-apdovanota-uz-labdaringa-veikla-\u2013.jpg",1800,1200,false]},"categories_names":{"6":{"name":"Miest\u0173 naujienos","link":"https:\/\/ramiaplinka.lt\/index.php\/category\/miestu-naujienos\/"}},"tags_names":{"733":{"name":"apdovanota","link":"https:\/\/ramiaplinka.lt\/index.php\/tag\/apdovanota\/"},"730":{"name":"baigusi","link":"https:\/\/ramiaplinka.lt\/index.php\/tag\/baigusi\/"},"732":{"name":"Grybauskait\u0117","link":"https:\/\/ramiaplinka.lt\/index.php\/tag\/grybauskaite\/"},"729":{"name":"Kadencij\u0105","link":"https:\/\/ramiaplinka.lt\/index.php\/tag\/kadencija\/"},"466":{"name":"Kas","link":"https:\/\/ramiaplinka.lt\/index.php\/tag\/kas\/"},"411":{"name":"Kaune","link":"https:\/\/ramiaplinka.lt\/index.php\/tag\/kaune\/"},"734":{"name":"labdaring\u0105","link":"https:\/\/ramiaplinka.lt\/index.php\/tag\/labdaringa\/"},"731":{"name":"prezident\u0117","link":"https:\/\/ramiaplinka.lt\/index.php\/tag\/prezidente\/"},"80":{"name":"u\u017e","link":"https:\/\/ramiaplinka.lt\/index.php\/tag\/uz\/"},"592":{"name":"veikl\u0105","link":"https:\/\/ramiaplinka.lt\/index.php\/tag\/veikla\/"},"467":{"name":"vyksta","link":"https:\/\/ramiaplinka.lt\/index.php\/tag\/vyksta\/"}},"comments_number":"0","wpmagazine_modules_lite_featured_media_urls":{"thumbnail":["https:\/\/ramiaplinka.lt\/wp-content\/uploads\/2024\/12\/Kadencija-baigusi-prezidente-D-Grybauskaite-apdovanota-uz-labdaringa-veikla-\u2013-150x150.jpg",150,150,true],"cvmm-medium":["https:\/\/ramiaplinka.lt\/wp-content\/uploads\/2024\/12\/Kadencija-baigusi-prezidente-D-Grybauskaite-apdovanota-uz-labdaringa-veikla-\u2013-300x300.jpg",300,300,true],"cvmm-medium-plus":["https:\/\/ramiaplinka.lt\/wp-content\/uploads\/2024\/12\/Kadencija-baigusi-prezidente-D-Grybauskaite-apdovanota-uz-labdaringa-veikla-\u2013-305x207.jpg",305,207,true],"cvmm-portrait":["https:\/\/ramiaplinka.lt\/wp-content\/uploads\/2024\/12\/Kadencija-baigusi-prezidente-D-Grybauskaite-apdovanota-uz-labdaringa-veikla-\u2013-400x600.jpg",400,600,true],"cvmm-medium-square":["https:\/\/ramiaplinka.lt\/wp-content\/uploads\/2024\/12\/Kadencija-baigusi-prezidente-D-Grybauskaite-apdovanota-uz-labdaringa-veikla-\u2013-600x600.jpg",600,600,true],"cvmm-large":["https:\/\/ramiaplinka.lt\/wp-content\/uploads\/2024\/12\/Kadencija-baigusi-prezidente-D-Grybauskaite-apdovanota-uz-labdaringa-veikla-\u2013-1024x1024.jpg",1024,1024,true],"cvmm-small":["https:\/\/ramiaplinka.lt\/wp-content\/uploads\/2024\/12\/Kadencija-baigusi-prezidente-D-Grybauskaite-apdovanota-uz-labdaringa-veikla-\u2013-130x95.jpg",130,95,true],"full":["https:\/\/ramiaplinka.lt\/wp-content\/uploads\/2024\/12\/Kadencija-baigusi-prezidente-D-Grybauskaite-apdovanota-uz-labdaringa-veikla-\u2013.jpg",1800,1200,false]},"_links":{"self":[{"href":"https:\/\/ramiaplinka.lt\/index.php\/wp-json\/wp\/v2\/posts\/506","targetHints":{"allow":["GET"]}}],"collection":[{"href":"https:\/\/ramiaplinka.lt\/index.php\/wp-json\/wp\/v2\/posts"}],"about":[{"href":"https:\/\/ramiaplinka.lt\/index.php\/wp-json\/wp\/v2\/types\/post"}],"author":[{"embeddable":true,"href":"https:\/\/ramiaplinka.lt\/index.php\/wp-json\/wp\/v2\/users\/1"}],"replies":[{"embeddable":true,"href":"https:\/\/ramiaplinka.lt\/index.php\/wp-json\/wp\/v2\/comments?post=506"}],"version-history":[{"count":0,"href":"https:\/\/ramiaplinka.lt\/index.php\/wp-json\/wp\/v2\/posts\/506\/revisions"}],"wp:featuredmedia":[{"embeddable":true,"href":"https:\/\/ramiaplinka.lt\/index.php\/wp-json\/wp\/v2\/media\/507"}],"wp:attachment":[{"href":"https:\/\/ramiaplinka.lt\/index.php\/wp-json\/wp\/v2\/media?parent=506"}],"wp:term":[{"taxonomy":"category","embeddable":true,"href":"https:\/\/ramiaplinka.lt\/index.php\/wp-json\/wp\/v2\/categories?post=506"},{"taxonomy":"post_tag","embeddable":true,"href":"https:\/\/ramiaplinka.lt\/index.php\/wp-json\/wp\/v2\/tags?post=506"}],"curies":[{"name":"wp","href":"https:\/\/api.w.org\/{rel}","templated":true}]}}