{"id":597,"date":"2025-01-12T00:49:20","date_gmt":"2025-01-12T00:49:20","guid":{"rendered":"https:\/\/ramiaplinka.lt\/index.php\/2025\/01\/12\/del-apleistame-name-kilusio-gaisro-vyrui-prireike-mediku-pagalbos-kas-vyksta-kaune\/"},"modified":"2025-01-12T00:49:20","modified_gmt":"2025-01-12T00:49:20","slug":"del-apleistame-name-kilusio-gaisro-vyrui-prireike-mediku-pagalbos-kas-vyksta-kaune","status":"publish","type":"post","link":"https:\/\/ramiaplinka.lt\/index.php\/2025\/01\/12\/del-apleistame-name-kilusio-gaisro-vyrui-prireike-mediku-pagalbos-kas-vyksta-kaune\/","title":{"rendered":"D\u0117l apleistame name kilusio gaisro vyrui prireik\u0117 medik\u0173 pagalbos \u2013 Kas vyksta Kaune"},"content":{"rendered":"<p> <br \/>\n<\/p>\n<div>\n<p><strong>\u0160e\u0161tadienio vakar\u0105 \u012f Radvil\u0117n\u0173 plent\u0105 skub\u0117jo ugniagesiai \u2013 prane\u0161ama, jog deg\u0117 apleistas pastatas, vienam \u017emogui prireik\u0117 medik\u0173 pagalbos.<\/strong><\/p>\n<p>Apie \u012fsiplieskus\u012f gaisr\u0105 naujien\u0173 portal\u0105 \u201eKas vyksta Kaune\u201c informavo skaitytojas.<\/p>\n<p>Susisiekus su Kauno prie\u0161gaisrin\u0117s gelb\u0117jimo tarnybos budin\u010diu ugniagesiu pavyko su\u017einoti, jog \u0161iuo metu gaisras yra likviduotas.<\/p>\n<p>Prane\u0161imas apie \u012fvyk\u012f gautas kiek prie\u0161 20 val.<\/p>\n<p>Gelb\u0117tojo teigimu, gaisras \u012fsipliesk\u0117 medinio pastato antrame auk\u0161te \u2013 deg\u0117 pal\u0117p\u0117s grindys.<\/p>\n<p>Pats \u201emedinukas\u201c pasak budin\u010dio ugniagesio, yra apleistas, jame da\u017enai renkasi benamiai.<\/p>\n<p>Gaisro metu pastatas daug nenukent\u0117jo, i\u0161deg\u0117 keli kvadratiniai metrai grind\u0173. Ta\u010diau pagalbos prireik\u0117 viduje tuo metu buvusiam \u017emogui \u2013 benamis buvo i\u0161ne\u0161tas, medikai pristat\u0117 vyr\u0105 \u012f gydymo \u012fstaig\u0105.<\/p>\n<p><em>Tur\u0117dami daugiau informacijos publikacij\u0105 papildysime.<\/em><\/p>\n<\/p><\/div>\n<p><br \/>\n<br \/><a href=\"https:\/\/kaunas.kasvyksta.lt\/2025\/01\/11\/112\/apleistame-name-isiplieskus-gaisrui-vyrui-prireike-mediku-pagalbos\/\">Source link <\/a><\/p>\n","protected":false},"excerpt":{"rendered":"<p>\u0160e\u0161tadienio vakar\u0105 \u012f Radvil\u0117n\u0173 plent\u0105 skub\u0117jo ugniagesiai \u2013 prane\u0161ama, jog deg\u0117 apleistas pastatas, vienam \u017emogui prireik\u0117 medik\u0173 pagalbos. Apie \u012fsiplieskus\u012f&hellip;<\/p>\n","protected":false},"author":1,"featured_media":598,"comment_status":"","ping_status":"","sticky":false,"template":"","format":"standard","meta":{"om_disable_all_campaigns":false,"_monsterinsights_skip_tracking":false,"_monsterinsights_sitenote_active":false,"_monsterinsights_sitenote_note":"","_monsterinsights_sitenote_category":0,"footnotes":""},"categories":[6],"tags":[920,297,922,466,411,921,924,828,663,467,923],"class_list":["post-597","post","type-post","status-publish","format-standard","has-post-thumbnail","hentry","category-miestu-naujienos","tag-apleistame","tag-del","tag-gaisro","tag-kas","tag-kaune","tag-kilusio","tag-mediku","tag-pagalbos","tag-prireike","tag-vyksta","tag-vyrui"],"aioseo_notices":[],"blog_post_layout_featured_media_urls":{"thumbnail":["https:\/\/ramiaplinka.lt\/wp-content\/uploads\/2025\/01\/Del-apleistame-name-kilusio-gaisro-vyrui-prireike-mediku-pagalbos-\u2013-150x150.png",150,150,true],"full":["https:\/\/ramiaplinka.lt\/wp-content\/uploads\/2025\/01\/Del-apleistame-name-kilusio-gaisro-vyrui-prireike-mediku-pagalbos-\u2013.png",1024,683,false]},"categories_names":{"6":{"name":"Miest\u0173 naujienos","link":"https:\/\/ramiaplinka.lt\/index.php\/category\/miestu-naujienos\/"}},"tags_names":{"920":{"name":"apleistame","link":"https:\/\/ramiaplinka.lt\/index.php\/tag\/apleistame\/"},"297":{"name":"d\u0117l","link":"https:\/\/ramiaplinka.lt\/index.php\/tag\/del\/"},"922":{"name":"gaisro","link":"https:\/\/ramiaplinka.lt\/index.php\/tag\/gaisro\/"},"466":{"name":"Kas","link":"https:\/\/ramiaplinka.lt\/index.php\/tag\/kas\/"},"411":{"name":"Kaune","link":"https:\/\/ramiaplinka.lt\/index.php\/tag\/kaune\/"},"921":{"name":"kilusio","link":"https:\/\/ramiaplinka.lt\/index.php\/tag\/kilusio\/"},"924":{"name":"medik\u0173","link":"https:\/\/ramiaplinka.lt\/index.php\/tag\/mediku\/"},"828":{"name":"pagalbos","link":"https:\/\/ramiaplinka.lt\/index.php\/tag\/pagalbos\/"},"663":{"name":"prireik\u0117","link":"https:\/\/ramiaplinka.lt\/index.php\/tag\/prireike\/"},"467":{"name":"vyksta","link":"https:\/\/ramiaplinka.lt\/index.php\/tag\/vyksta\/"},"923":{"name":"vyrui","link":"https:\/\/ramiaplinka.lt\/index.php\/tag\/vyrui\/"}},"comments_number":"0","wpmagazine_modules_lite_featured_media_urls":{"thumbnail":["https:\/\/ramiaplinka.lt\/wp-content\/uploads\/2025\/01\/Del-apleistame-name-kilusio-gaisro-vyrui-prireike-mediku-pagalbos-\u2013-150x150.png",150,150,true],"cvmm-medium":["https:\/\/ramiaplinka.lt\/wp-content\/uploads\/2025\/01\/Del-apleistame-name-kilusio-gaisro-vyrui-prireike-mediku-pagalbos-\u2013-300x300.png",300,300,true],"cvmm-medium-plus":["https:\/\/ramiaplinka.lt\/wp-content\/uploads\/2025\/01\/Del-apleistame-name-kilusio-gaisro-vyrui-prireike-mediku-pagalbos-\u2013-305x207.png",305,207,true],"cvmm-portrait":["https:\/\/ramiaplinka.lt\/wp-content\/uploads\/2025\/01\/Del-apleistame-name-kilusio-gaisro-vyrui-prireike-mediku-pagalbos-\u2013-400x600.png",400,600,true],"cvmm-medium-square":["https:\/\/ramiaplinka.lt\/wp-content\/uploads\/2025\/01\/Del-apleistame-name-kilusio-gaisro-vyrui-prireike-mediku-pagalbos-\u2013-600x600.png",600,600,true],"cvmm-large":["https:\/\/ramiaplinka.lt\/wp-content\/uploads\/2025\/01\/Del-apleistame-name-kilusio-gaisro-vyrui-prireike-mediku-pagalbos-\u2013.png",1024,683,false],"cvmm-small":["https:\/\/ramiaplinka.lt\/wp-content\/uploads\/2025\/01\/Del-apleistame-name-kilusio-gaisro-vyrui-prireike-mediku-pagalbos-\u2013-130x95.png",130,95,true],"full":["https:\/\/ramiaplinka.lt\/wp-content\/uploads\/2025\/01\/Del-apleistame-name-kilusio-gaisro-vyrui-prireike-mediku-pagalbos-\u2013.png",1024,683,false]},"_links":{"self":[{"href":"https:\/\/ramiaplinka.lt\/index.php\/wp-json\/wp\/v2\/posts\/597","targetHints":{"allow":["GET"]}}],"collection":[{"href":"https:\/\/ramiaplinka.lt\/index.php\/wp-json\/wp\/v2\/posts"}],"about":[{"href":"https:\/\/ramiaplinka.lt\/index.php\/wp-json\/wp\/v2\/types\/post"}],"author":[{"embeddable":true,"href":"https:\/\/ramiaplinka.lt\/index.php\/wp-json\/wp\/v2\/users\/1"}],"replies":[{"embeddable":true,"href":"https:\/\/ramiaplinka.lt\/index.php\/wp-json\/wp\/v2\/comments?post=597"}],"version-history":[{"count":0,"href":"https:\/\/ramiaplinka.lt\/index.php\/wp-json\/wp\/v2\/posts\/597\/revisions"}],"wp:featuredmedia":[{"embeddable":true,"href":"https:\/\/ramiaplinka.lt\/index.php\/wp-json\/wp\/v2\/media\/598"}],"wp:attachment":[{"href":"https:\/\/ramiaplinka.lt\/index.php\/wp-json\/wp\/v2\/media?parent=597"}],"wp:term":[{"taxonomy":"category","embeddable":true,"href":"https:\/\/ramiaplinka.lt\/index.php\/wp-json\/wp\/v2\/categories?post=597"},{"taxonomy":"post_tag","embeddable":true,"href":"https:\/\/ramiaplinka.lt\/index.php\/wp-json\/wp\/v2\/tags?post=597"}],"curies":[{"name":"wp","href":"https:\/\/api.w.org\/{rel}","templated":true}]}}