{"id":692,"date":"2025-03-14T07:17:26","date_gmt":"2025-03-14T07:17:26","guid":{"rendered":"https:\/\/ramiaplinka.lt\/index.php\/2025\/03\/14\/laisva-zodi-pakertancios-audros-kyla-nekreipiant-demesio-i-pirmuosius-lasus-kas-vyksta-kaune\/"},"modified":"2025-03-14T07:17:26","modified_gmt":"2025-03-14T07:17:26","slug":"laisva-zodi-pakertancios-audros-kyla-nekreipiant-demesio-i-pirmuosius-lasus-kas-vyksta-kaune","status":"publish","type":"post","link":"https:\/\/ramiaplinka.lt\/index.php\/2025\/03\/14\/laisva-zodi-pakertancios-audros-kyla-nekreipiant-demesio-i-pirmuosius-lasus-kas-vyksta-kaune\/","title":{"rendered":"laisv\u0105 \u017eod\u012f pakertan\u010dios audros kyla, nekreipiant d\u0117mesio \u012f pirmuosius la\u0161us \u2013 Kas vyksta Kaune"},"content":{"rendered":"<p> <br \/>\n<\/p>\n<div>\n<p><strong>Auditas, kuriuo u\u017esimota panarstyti LRT dirban\u010di\u0173 \u017eurnalist\u0173 \u201epolitinio neutralumo principus\u201c primena akivaizd\u0173 siekim\u0105 ne depolizuoti, o depilietizuoti \u0161ios bene did\u017eiausios \u0161alies \u017einiasklaidos grup\u0117s atstovus, pas\u0117ti tarp j\u0173 baim\u0119, nerim\u0105 ir netikrum\u0105, kad gink Dieve, ateityje nebandytum kriti\u0161kesniu \u017evilgsniu pa\u017evelgti \u012f politik\u0173 ir valdinink\u0173, ypa\u010d priklausan\u010di\u0173 valdan\u010di\u0173j\u0173 stovyklai, paliekamus p\u0117dsakus.<\/strong><\/p>\n<p>Pamatei, kad tie p\u0117dsakai kreivi, \u0161leivi, i\u0161 tolo dvokiantys korupcija, protekcijomis, nekompetencija ar pa\u010diu pigiausiu populizmu \u2013 nedr\u012fsk pla\u010diau praverti burnos, nes gausi per lie\u017euv\u012f taip, kad tau realiai smarkiai skaud\u0117s.<\/p>\n<p>\u017durnalistai, ko gero, giliau u\u017e kit\u0173 profesij\u0173 atstovus \u017eino apie valstyb\u0117je susikaupusius skaudulius \u2013 rengiant publikacijas, reporta\u017eus, pokalbi\u0173 laidas \u012fvairiomis temomis, renkant ir tikrinant faktus, \u012f dienos \u0161vies\u0105 i\u0161lenda daugyb\u0117 dvokian\u010di\u0173 politik\u0173 skelet\u0173, j\u0173 neveiklumo ir piktnaud\u017eiavimo pavyzd\u017ei\u0173.<\/p>\n<p>Pilieti\u0161ki, kriti\u0161kumo jausmo neprarad\u0119 \u017eurnalistai problemas i\u0161kelia, nevengdami smarkiau bakstel\u0117ti pir\u0161tais ir \u012f tuos, kurie leido \u012fsikeroti p\u016bliniams, visi\u0161kai nekreipdami d\u0117mesio \u012f kritikuojam\u0173 veik\u0117j\u0173 parti\u0161kum\u0105, j\u0173 priklausym\u0105 vienai ar kitai politinei kryp\u010diai.<\/p>\n<p>\u017durnalistai tai daro, jausdami pareig\u0105 informuoti visuomen\u0119, nurodyti atsakingus asmens, ie\u0161koti i\u0161ei\u010di\u0173, kad tokie dalykai nepasikartot\u0173.<\/p>\n<p>Kaltininkams tokie pabaksnojimai, ypatingai jeigu jie taikl\u016bs, a\u0161tr\u016bs, logi\u0161ki ir paremti nuosekliais sud\u0117liotais faktais, yra itin nemalon\u016bs \u2013 argumentuota kritika tirpdo j\u0173 reitingus, apnuogindama tr\u016bkumus geriau u\u017e pat\u012f moderniausi\u0105 rentgeno aparat\u0105.<\/p>\n<p>Tod\u0117l, regis ir gimsta tokie sovietme\u010diu dvelkiantys patikrinimai, besikapstant, kas k\u0105 ir kaip para\u0161\u0117\/parod\u0117, gal kokiam nors auk\u0161tas pareigas einan\u010diam veik\u0117jui, partijai ar jos vir\u0161\u016bn\u0117l\u0117ms per jautrias vietas \u201eu\u017eva\u017eiavo\u201c, skai\u010di\u0173 ir fakt\u0173 kalba pavaizduodamas juos toli gra\u017eu ne panegirikos apgaubtame fone.<\/p>\n<p>Pati audito formuluot\u0117 \u201ekaip LRT \u017eurnalistai laikosi neutralumo princip\u0173 turinio k\u016brime ir valdyme\u201c apima fakti\u0161kai visk\u0105 \u2013 tikrintojams netgi leid\u017eiama vertinti j\u0173 pasisakymus socialini\u0173 tinkl\u0173 paskyrose.<\/p>\n<p>Ir tai yra drasti\u0161kas, tiesmukas, absoliu\u010diai nepriimtinas ki\u0161imasis \u012f \u017eurnalist\u0173 \u017eod\u017eio laisv\u0119, tarsi ka\u017ekas \u012fsivaizduot\u0173 turintis teis\u0119 spr\u0119sti, kokio ilgio pavad\u012f galima ant tav\u0119s u\u017ed\u0117ti.<\/p>\n<p>Taip, rengiant informacinio pob\u016bd\u017eio \u017einias, svarbu nepa\u017eeisti objektyvumo princip\u0173, i\u0161klausyti kritikuojam\u0105 pus\u0119, ta\u010diau jeigu ka\u017ekas ka\u017ekur \u012f\u017evelgia \u0161ali\u0161kum\u0105, tam yra \u017eurnalist\u0173 etikos institucijos.<\/p>\n<p>LRT auditas tarsi \u0161aukte \u0161aukia, jog jo sumanytojams r\u016bpi ant nepaklusni\u0173j\u0173 \u017euveli\u0173 u\u017emesti kuo platesn\u012f tinkl\u0105, sudarant galimyb\u0119 \u201eblusin\u0117tis\u201c netgi po asmenini\u0173 paskyr\u0173 \u012fra\u0161us.<\/p>\n<p>Nat\u016bralu, kad daugiausiai kritikos tenka vald\u017eiai. Valdan\u010diosios daugumos parlamentar\u0173, Vyriausyb\u0117s nari\u0173 sprendimai, prezident\u016bros pozicija turi didel\u0117s \u012ftakos visuomen\u0117s gyvenimui, tod\u0117l j\u0173 vertinimui \u017einiasklaidos atstovai skiria esmin\u012f d\u0117mes\u012f.<\/p>\n<p>Priklijuoti \u201epolitinio neutralumo\u201c pa\u017eeid\u0117jo etiket\u0119 tokiais atvejais labai lengva, nes jeigu esi tiesus ir s\u0105\u017einingas, rengdamas med\u017eiagas tikrai nenutyl\u0117si to, kas kompromituoja nubalinti savo prasi\u017eengimus siekian\u010di\u0105 politik\u0173 kariaun\u0105.<\/p>\n<p>Pakritikavai tuos, kurie \u017ead\u0117jo mokes\u010dius suma\u017einti, \u0161vietimo reikalus sutvarkyti, medicinos lyg\u012f pakelti ir daugyb\u0119 kit\u0173 problem\u0173 i\u0161spr\u0119sti, ta\u010diau po rinkim\u0173 nieko nesiima, nelabai k\u0105 ir tesugeba, tiktai mykia, pilstydami i\u0161 tu\u0161\u010dio \u012f kiaur\u0105 \u2013 \u017ei\u016br\u0117k, jau ir i\u0161slydai i\u0161 \u201epolitinio neutraliteto\u201c r\u0117m\u0173, nors lygiai taip pat darytum ir prie\u0161ingo flango atstov\u0173, jeigu jie prastai dirbt\u0173 u\u017eimdami auk\u0161tas pareigas, at\u017evilgiu.<\/p>\n<p>Para\u0161ei, kad kuris nors politikos veik\u0117jas ar valdininkas naudojasi tarnybine pad\u0117timi, yra \u012fklimp\u0119s \u012f nepotizm\u0105, l\u0117\u0161\u0173 ta\u0161kym\u0105, pamin\u0117jai partij\u0105, kuriai jis priklauso ar net jai vadovauja \u2013 \u017einoma, tave jau dr\u0105siai galima traukti \u012f \u201epa\u017eeid\u0117j\u0173\u201c s\u0105ra\u0161us.<\/p>\n<p>Pri\u010diupti \u201enenaud\u0117lius\u201c b\u016bt\u0173 galima i\u0161ties greitai, ypa\u010d panar\u0161ius po socialinius tinklus, kuriuose daugelis \u017eurnalist\u0173 (ne i\u0161imtis ir priklausantys LRT grupei) atviriau rei\u0161kia savo nuomon\u0119, a\u0161triau pasisako opiais klausimais, nevengia grie\u017etesn\u0117s kritikos \u2013 at\u0117jusiems u\u017e\u010diaupti burn\u0173 su pilnais gl\u0117biais lipni\u0173 juost\u0173 tai b\u016bt\u0173 tikros aukso kasyklos, nesibaigianti pretekst\u0173 j\u016bra, tik semk juos ir u\u017esakin\u0117k vis naujus juost\u0173 mai\u0161us.<\/p>\n<p>Audit\u0105 inicijavusi LRT taryba lipa ant to paties gr\u0117blio, kaip 2023 metais, kuomet u\u017e nuomon\u0117s i\u0161rei\u0161kim\u0105 buvo persekiojamas \u017eurnalistas Virginijus Savukynas, asmenin\u0117je \u201eFacebook\u201c paskyroje paskelb\u0119s, jog tuometei teisingumo ministrei Ewelinai Dobrowolskai \u2013 ne vieta Vyriausyb\u0117je.<\/p>\n<p>\u017durnalisto kritikos str\u0117li\u0173 ministr\u0117 sulauk\u0117 d\u0117l drausm\u0117s bylos i\u0161k\u0117limo Ignui V\u0117g\u0117lei, ir nors pastarasis, be joki\u0173 bent kiek rimtesni\u0173 \u012frodym\u0173 s\u0117j\u0119s abejones paramos Ukrainai organizatoriais, drausminio proceso i\u0161ties nusipeln\u0117, buvo labai keista matyti, kaip m\u0117ginama sutar\u0161yti V. Savukyn\u0105 vien tik u\u017e vie\u0161us pam\u0105stymus, kad vald\u017eios atstov\u0117 tur\u0117t\u0173 palikti savo post\u0105.<\/p>\n<p>LRT etikos kontrolier\u0117s Dainos Elenos Andrikien\u0117s ir LRT tarybos sprendimai prilipdyti \u017eurnalistui \u0161ios \u012fstaigos Etikos kodekso pa\u017eeid\u0117jo etiket\u0119, kuri b\u016bt\u0173 rimtai pakenkusi tolesnei jo karjerai, tapo vienu g\u0117dingiausi\u0173 \u017eingsni\u0173 prie\u0161 \u017eod\u017eio laisv\u0119 nuo pat Atgimimo laikotarpio prad\u017eios.<\/p>\n<p>V. Savukynui teismo keliu pavyko nusipl\u0117\u0161ti prasi\u017eeng\u0117lio etiket\u0119, ta\u010diau nepaisant persekiotoj\u0173 fiasko, i\u0161 pamok\u0173, regis, n\u0117 kiek nebuvo pasimokyta.<\/p>\n<p>Prie\u0161ingai, nueita dar toliau, nes dabar atliekant audit\u0105 bus narstomas jau ne pavienis \u017eurnalistas, o didel\u0117 j\u0173 grup\u0117, kad gink Dieve, niekas i\u0161 dirban\u010di\u0173j\u0173 LRT nepa\u017eeist\u0173 \u201epolitinio neutralumo\u201c princip\u0173.<\/p>\n<p>I\u0161puoli\u0173 prie\u0161 \u017eod\u017eio laisv\u0119 yra gerokai daugiau, tai fakti\u0161kai vyksta nuo pat Lietuvos nepriklausomyb\u0117s pripa\u017einimo, nes vie\u0161umas yra did\u017eiausias politik\u0173 ir valdininkijos prie\u0161as, atimantis jiems galimyb\u0119 ramiai velt\u0117d\u017eiauti, ta\u0161kytis valdi\u0161kais pinigais, naudotis statusu ir pa\u017eintimis.<\/p>\n<p>B\u0117gant metams, bandymai var\u017eyti \u017einiasklaid\u0105, trukdyti jiems rinkti visuomenei aktuali\u0105 informacij\u0105 nepaliaujamai pu\u010diasi \u2013 dangstantis asmens duomen\u0173 apsauga, komercin\u0117mis paslaptimis, \u017eurnalistams vis sunkiau tampa prieinami duomenys, liudijantys apie gerokai permokamas sumas valdi\u0161kus u\u017esakymus vykdantiems rangovams, daugyb\u0117s kit\u0173 paslaug\u0173 teik\u0117jams.<\/p>\n<p>Kasmet stor\u0117jan\u010dioms spynomis rakinamos \u017einios, susijusios su politik\u0173 turtais, demaskuojan\u010dios j\u0173 ir j\u0173 giminai\u010di\u0173, draugu\u017ei\u0173 i\u0161 verslo pasaulio savival\u0119, pavyzd\u017eiui, u\u017egrobiant vaizdingus gamtos kampelius, pri\u0117jimus prie e\u017eer\u0173 pakran\u010di\u0173 ar pasinaudojant valstyb\u0117s, savivaldybi\u0173 institucij\u0173 organizuojamais konkursais.<\/p>\n<p>\u201eAsmens apsaugos\u201c dalimi da\u017enu atveju netgi virsta i\u0161 mokes\u010di\u0173 mok\u0117toj\u0173 pinig\u0173 valdininkams atseik\u0117jamos algos su priedais ir premijomis, i\u0161p\u016bstomis iki kosmos\u0105 siekian\u010dio \u012f\u017e\u016blumo.<\/p>\n<p>Pavie\u0161inusi \u012ftartinus atvejus \u017einiasklaida vis da\u017eniau atsiduria po a\u0161triomis tarkomis, kaip antai portalas \u201eAtvira Klaip\u0117da\u201c, paskelb\u0119s apie vietos savivaldyb\u0117s valdomos bendrov\u0117s \u201eGatvi\u0173 ap\u0161vietimas\u201c buvusios finansinink\u0117s giminyst\u0117s ry\u0161ius su milijonin\u0117s vert\u0117s \u0161ios \u012fmon\u0117s organizuotus vie\u0161uosius pirkimus laim\u0117jusios priva\u010dios firmos savininku \u2013 jos s\u016bnumi.<\/p>\n<p>Vien tik u\u017e \u0161i\u0173 ry\u0161i\u0173 \u012fvardijim\u0105 buvo \u012f\u017evelgtas Bendrojo duomen\u0173 apsaugos reglamento pa\u017eeidimas, ir, v\u0117lgi, pa\u017eeid\u0117jo vard\u0105 portalui pavyko nusupl\u0117\u0161ti tik per\u0117jus nemenk\u0105 kry\u017eiaus keli\u0105 per teism\u0173 instancijas.<\/p>\n<p>Kriti\u0161kai vald\u017eios at\u017evilgiu nusiteik\u0119 leidiniai negauna n\u0117 trupinio i\u0161 oficaliai reklam\u0105 u\u017esakan\u010di\u0173 institucij\u0173, yra piktybi\u0161kai \u017elugdomi, tampomi po teismus, o tie, kurie lankstosi vietiniams karaliukams, apipildami juos panegirikos kupinais straipsniais, gauna \u0161imtat\u016bkstantines injekcijas.<\/p>\n<p>Principingi, nesilankstantys vald\u017eiai \u017eurnalistai sulaukia vis ar\u0161esn\u0117s reakcijos. Buvo nesuvokiama dar viena situacija, kuomet Seimo nar\u0117 Agn\u0117 \u0160irinskien\u0117 reikalavo, jog \u017eurnalist\u0117 R. Mili\u016bt\u0117 pa\u0161alint\u0173 i\u0161 savo feisbuko paskyros \u0161iai politikei nepatikusius kritinius \u012fra\u0161us \u2013 LRT Etikos kontrolier\u0117 t\u0105syk seim\u016bn\u0117s \u012fnori\u0173 netenkino, ta\u010diau vien jau pats j\u0173 svarstymas dvelk\u0117 absurdu.<\/p>\n<p>Gr\u012f\u017etant prie LRT audito d\u0117l \u017eurnalist\u0173 \u201epolitinio neutralumo\u201c, \u012f akis krinta \u0161ios u\u017ema\u010dios slaptumas: iki \u0161iol neskelbiamas pos\u0117d\u017ei\u0173, davusio \u017eali\u0105 \u0161vies\u0105 narstymams ir tikrinimams, protokolas, neai\u0161k\u016bs lieka \u0161io \u017eingsnio motyvai ir galimi u\u017esakovai. Ne\u017einia netgi, kas pirmasis i\u0161 tarybos (pagal oficiali\u0105 versij\u0105) pasi\u016bl\u0117 \u0161i\u0105 \u201egeniali\u0105\u201c id\u0117j\u0105.<\/p>\n<p>Skaidrum\u0105 deklaruojan\u010dios LRT tarybos nariai prisipyl\u0117 \u012f burnas kuo didesnes stiklines vandens \u2013 ne\u017einia, kas konkre\u010diai i\u0161 j\u0173 balsavo u\u017e audit\u0105 ir pagal kokius kriterijus bus nustatin\u0117jami \u201epa\u017eeidimai\u201c: kritini\u0173 publikacij\u0173\/komentar\u0173 skai\u010di\u0173, a\u0161trum\u0105, kandum\u0105, frazeologizmus?<\/p>\n<p>Pasiklausius kai kuri\u0173 tarybos tarybos nari\u0173 i\u0161ved\u017eiojim\u0173 susidaro \u012fsp\u016bdis, kad tai ne vie\u0161as vie\u0161os \u012fstaigos valdymo organas, o ypatingai u\u017emaskuota konspiracin\u0117 organizacija, prilygstanti ma\u017e\u0173 ma\u017eiausiai kariniam \u017evalgybos padaliniui, kuriame dokumentai spausdinami su \u017eyma \u201evisi\u0161kai slaptai\u201c.<\/p>\n<p>Rimtu tonu ai\u0161kinama, jog LRT tarybos pos\u0117d\u017eiai, kuri\u0173 metu buvo pasi\u016blyta atlikti \u201epolitinio neutralumo\u201c audit\u0105, buvo nevie\u0161i ir tai neva \u201e\u012fprasta praktika\u201c, ta\u010diau nutylima, kad tarybos darbo reglamente yra 36-asis punktas: \u201cTarybos ar Tarybos pirmininko nutarimu, taip pat Tarybos metini\u0173 pos\u0117d\u017ei\u0173 plane numatytais atvejais gali b\u016bti organizuojami vie\u0161i Tarybos pos\u0117d\u017eiai\u201c.<\/p>\n<p>Vadinasi, pos\u0117d\u017ei\u0173 vie\u0161umui, j\u0173 protokol\u0173 skelbimui nebuvo joki\u0173 kli\u016b\u010di\u0173. Ta\u010diau ka\u017ekam, regis, labai reik\u0117jo viso to \u012fslaptinimo. Kokiais tikslais? Kad neb\u016bt\u0173 galima prisikasti prie tikr\u0173j\u0173 audito u\u017esakov\u0173?<\/p>\n<p>Taigi, kam reikalingas toks perd\u0117tas ir visi\u0161kai nepagr\u012fstas slaptumas? Kam, kokioms j\u0117goms apskritai reik\u0117jo audito d\u0117l \u017eurnalist\u0173 \u201epolitinio neutralumo\u201c, u\u017e kur\u012f, kaip susidaro ai\u0161kus \u012fsp\u016bdis, pasisako ir prezident\u016bra, ir premjeras Gintautas Paluckas?<\/p>\n<p>Ka\u017ekas nori laikyti \u017eurnalistus ant trumpo pavad\u017eio, juos nupilietinti, pradedant procesus, pana\u0161ius \u012f \u017eod\u017eio laisv\u0117s suvar\u017eymus Vengrijoje?<\/p>\n<p>Tad ponai galimi u\u017esimaskav\u0119 u\u017esakovai nesikuklinkite, pasirodykite, i\u0161stokite su savo motyvacija.<\/p>\n<p>Didel\u0117s b\u0117dos prasideda nuo \u201enekalt\u0173\u201c patikrinim\u0173 \u2013 \u017eingsnis po \u017eingsnio, patikrinimas po patikrinimo, ir patys nepajausime, kai demokratij\u0105, vie\u0161um\u0105, laisv\u0105 \u017eod\u012f pamatysime visi\u0161kai sukarpytais sparnais.<\/p>\n<p>Tod\u0117l kiekvienas \u012f cenz\u016br\u0105 linkusi\u0173 asmen\u0173 ar suinteresuot\u0173 grupi\u0173 bandymas i\u0161traukti \u017eirkles turi sulaukti kuo grie\u017etesnio neabejing\u0173 pilie\u010di\u0173 atsako, ai\u0161kiai parodan\u010dio, kad pasik\u0117sinimai \u012f nuomon\u0119, pilietin\u0119 pozicij\u0105, su\u017elugs vos \u017eengus pirmuosius \u017eingsnius.<\/p>\n<p>Apynasrio u\u017ed\u0117jimas bent daliai \u017einiasklaidos atstov\u0173 reik\u0161t\u0173 apynasr\u012f ir visuomenei, tad pasistenkime bendromis j\u0117gomis u\u017ekirsti tam keli\u0105.<\/p>\n<p><em>P.S. Parengus \u0161i\u0105 publikacij\u0105 prane\u0161ta, kad post\u0105 palieka LRT tarybos pirmininkas Eugenijus Valatka. Skelbiama, jog jis traukiasi d\u0117l sunkum\u0173 suderinti darb\u0105 LRT taryboje su pagrindin\u0117mis pareigomis. E. Valatka yra Kauno technologijos universiteto (KTU) rektorius.<\/em><\/p>\n<\/p><\/div>\n<p><br \/>\n<br \/><a href=\"https:\/\/kaunas.kasvyksta.lt\/2025\/03\/14\/nuomones\/zurnalistu-nupilietinimo-auditas-laisva-zodi-pakertancios-audros-kyla-nekreipiant-demesio-i-pirmuosius-lasus\/\">Source link <\/a><\/p>\n","protected":false},"excerpt":{"rendered":"<p>Auditas, kuriuo u\u017esimota panarstyti LRT dirban\u010di\u0173 \u017eurnalist\u0173 \u201epolitinio neutralumo principus\u201c primena akivaizd\u0173 siekim\u0105 ne depolizuoti, o depilietizuoti \u0161ios bene did\u017eiausios&hellip;<\/p>\n","protected":false},"author":1,"featured_media":693,"comment_status":"","ping_status":"","sticky":false,"template":"","format":"standard","meta":{"om_disable_all_campaigns":false,"_monsterinsights_skip_tracking":false,"_monsterinsights_sitenote_active":false,"_monsterinsights_sitenote_note":"","_monsterinsights_sitenote_category":0,"footnotes":""},"categories":[6],"tags":[1143,184,466,411,1144,1140,1147,1145,1142,1146,467,1141],"class_list":["post-692","post","type-post","status-publish","format-standard","has-post-thumbnail","hentry","category-miestu-naujienos","tag-audros","tag-demesio","tag-kas","tag-kaune","tag-kyla","tag-laisva","tag-lasus","tag-nekreipiant","tag-pakertancios","tag-pirmuosius","tag-vyksta","tag-zodi"],"aioseo_notices":[],"blog_post_layout_featured_media_urls":{"thumbnail":["https:\/\/ramiaplinka.lt\/wp-content\/uploads\/2025\/03\/laisva-zodi-pakertancios-audros-kyla-nekreipiant-demesio-i-pirmuosius-lasus-150x150.png",150,150,true],"full":["https:\/\/ramiaplinka.lt\/wp-content\/uploads\/2025\/03\/laisva-zodi-pakertancios-audros-kyla-nekreipiant-demesio-i-pirmuosius-lasus.png",1024,683,false]},"categories_names":{"6":{"name":"Miest\u0173 naujienos","link":"https:\/\/ramiaplinka.lt\/index.php\/category\/miestu-naujienos\/"}},"tags_names":{"1143":{"name":"audros","link":"https:\/\/ramiaplinka.lt\/index.php\/tag\/audros\/"},"184":{"name":"d\u0117mesio","link":"https:\/\/ramiaplinka.lt\/index.php\/tag\/demesio\/"},"466":{"name":"Kas","link":"https:\/\/ramiaplinka.lt\/index.php\/tag\/kas\/"},"411":{"name":"Kaune","link":"https:\/\/ramiaplinka.lt\/index.php\/tag\/kaune\/"},"1144":{"name":"kyla","link":"https:\/\/ramiaplinka.lt\/index.php\/tag\/kyla\/"},"1140":{"name":"laisv\u0105","link":"https:\/\/ramiaplinka.lt\/index.php\/tag\/laisva\/"},"1147":{"name":"la\u0161us","link":"https:\/\/ramiaplinka.lt\/index.php\/tag\/lasus\/"},"1145":{"name":"nekreipiant","link":"https:\/\/ramiaplinka.lt\/index.php\/tag\/nekreipiant\/"},"1142":{"name":"pakertan\u010dios","link":"https:\/\/ramiaplinka.lt\/index.php\/tag\/pakertancios\/"},"1146":{"name":"pirmuosius","link":"https:\/\/ramiaplinka.lt\/index.php\/tag\/pirmuosius\/"},"467":{"name":"vyksta","link":"https:\/\/ramiaplinka.lt\/index.php\/tag\/vyksta\/"},"1141":{"name":"\u017eod\u012f","link":"https:\/\/ramiaplinka.lt\/index.php\/tag\/zodi\/"}},"comments_number":"0","wpmagazine_modules_lite_featured_media_urls":{"thumbnail":["https:\/\/ramiaplinka.lt\/wp-content\/uploads\/2025\/03\/laisva-zodi-pakertancios-audros-kyla-nekreipiant-demesio-i-pirmuosius-lasus-150x150.png",150,150,true],"cvmm-medium":["https:\/\/ramiaplinka.lt\/wp-content\/uploads\/2025\/03\/laisva-zodi-pakertancios-audros-kyla-nekreipiant-demesio-i-pirmuosius-lasus-300x300.png",300,300,true],"cvmm-medium-plus":["https:\/\/ramiaplinka.lt\/wp-content\/uploads\/2025\/03\/laisva-zodi-pakertancios-audros-kyla-nekreipiant-demesio-i-pirmuosius-lasus-305x207.png",305,207,true],"cvmm-portrait":["https:\/\/ramiaplinka.lt\/wp-content\/uploads\/2025\/03\/laisva-zodi-pakertancios-audros-kyla-nekreipiant-demesio-i-pirmuosius-lasus-400x600.png",400,600,true],"cvmm-medium-square":["https:\/\/ramiaplinka.lt\/wp-content\/uploads\/2025\/03\/laisva-zodi-pakertancios-audros-kyla-nekreipiant-demesio-i-pirmuosius-lasus-600x600.png",600,600,true],"cvmm-large":["https:\/\/ramiaplinka.lt\/wp-content\/uploads\/2025\/03\/laisva-zodi-pakertancios-audros-kyla-nekreipiant-demesio-i-pirmuosius-lasus.png",1024,683,false],"cvmm-small":["https:\/\/ramiaplinka.lt\/wp-content\/uploads\/2025\/03\/laisva-zodi-pakertancios-audros-kyla-nekreipiant-demesio-i-pirmuosius-lasus-130x95.png",130,95,true],"full":["https:\/\/ramiaplinka.lt\/wp-content\/uploads\/2025\/03\/laisva-zodi-pakertancios-audros-kyla-nekreipiant-demesio-i-pirmuosius-lasus.png",1024,683,false]},"_links":{"self":[{"href":"https:\/\/ramiaplinka.lt\/index.php\/wp-json\/wp\/v2\/posts\/692","targetHints":{"allow":["GET"]}}],"collection":[{"href":"https:\/\/ramiaplinka.lt\/index.php\/wp-json\/wp\/v2\/posts"}],"about":[{"href":"https:\/\/ramiaplinka.lt\/index.php\/wp-json\/wp\/v2\/types\/post"}],"author":[{"embeddable":true,"href":"https:\/\/ramiaplinka.lt\/index.php\/wp-json\/wp\/v2\/users\/1"}],"replies":[{"embeddable":true,"href":"https:\/\/ramiaplinka.lt\/index.php\/wp-json\/wp\/v2\/comments?post=692"}],"version-history":[{"count":0,"href":"https:\/\/ramiaplinka.lt\/index.php\/wp-json\/wp\/v2\/posts\/692\/revisions"}],"wp:featuredmedia":[{"embeddable":true,"href":"https:\/\/ramiaplinka.lt\/index.php\/wp-json\/wp\/v2\/media\/693"}],"wp:attachment":[{"href":"https:\/\/ramiaplinka.lt\/index.php\/wp-json\/wp\/v2\/media?parent=692"}],"wp:term":[{"taxonomy":"category","embeddable":true,"href":"https:\/\/ramiaplinka.lt\/index.php\/wp-json\/wp\/v2\/categories?post=692"},{"taxonomy":"post_tag","embeddable":true,"href":"https:\/\/ramiaplinka.lt\/index.php\/wp-json\/wp\/v2\/tags?post=692"}],"curies":[{"name":"wp","href":"https:\/\/api.w.org\/{rel}","templated":true}]}}